{"id":93,"date":"2018-05-13T19:10:30","date_gmt":"2018-05-13T17:10:30","guid":{"rendered":"http:\/\/krpwojcik.pl\/?p=93"},"modified":"2025-06-17T23:44:48","modified_gmt":"2025-06-17T21:44:48","slug":"rodo-podstawowe-informacje","status":"publish","type":"post","link":"https:\/\/ww-kancelaria.pl\/blog\/rodo-podstawowe-informacje\/","title":{"rendered":"RODO \u2013 podstawowe informacje"},"content":{"rendered":"<p><strong>RODO<\/strong>. Czy jest jeszcze kto\u015b, kto cho\u0107by przypadkiem nie s\u0142ysza\u0142 tego s\u0142owa? W ostatnich miesi\u0105cach RODO jest przedmiotem licznych artyku\u0142\u00f3w, komentarzy i dyskusji, tak w\u015br\u00f3d specjalist\u00f3w zajmuj\u0105cych si\u0119 ochron\u0105 danych osobowych, jak i w\u015br\u00f3d przedsi\u0119biorc\u00f3w, przera\u017conych wizj\u0105 olbrzymich kar finansowych. Akt ten ju\u017c obowi\u0105zuje, ale <strong>b\u0119dzie stosowany od 25 maja 2018 r.<\/strong>, zatem przedsi\u0119biorcy maj\u0105 ju\u017c dos\u0142ownie ostatnie chwile na dostosowanie swojej dzia\u0142alno\u015bci do nowych wymog\u00f3w. Co nale\u017cy podkre\u015bli\u0107 \u2013 <strong>nie b\u0119dzie ju\u017c \u017cadnego okresu przej\u015bciowego<\/strong>.<\/p>\n<p>&nbsp;<\/p>\n<p>Na pocz\u0105tek &#8211; czym jest RODO?<\/p>\n<p>&nbsp;<\/p>\n<p>RODO, czyli Rozporz\u0105dzenie Parlamentu Europejskiego i Rady (UE) 2016\/679 z dnia 27 kwietnia 2016 r. w sprawie ochrony os\u00f3b fizycznych w zwi\u0105zku z przetwarzaniem danych osobowych i w sprawie swobodnego przep\u0142ywu takich danych oraz uchylenia dyrektywy 95\/46\/WE (og\u00f3lne rozporz\u0105dzenie o ochronie danych). Jak ka\u017cde rozporz\u0105dzenie unijne, RODO b\u0119dzie stosowane bezpo\u015brednio w ka\u017cdym kraju UE, zatem i r\u00f3wnie\u017c w Polsce. RODO zast\u0105pi obowi\u0105zuj\u0105c\u0105 dotychczas ustaw\u0119 o ochronie danych osobowych, za\u015b nowa ustawa b\u0119dzie jedynie uzupe\u0142niaj\u0105ca wobec przepis\u00f3w RODO. <strong>Nie mo\u017cna zatem czeka\u0107 na polskie przepisy, tylko trzeba wprost stosowa\u0107 RODO<\/strong>.<\/p>\n<p>&nbsp;<\/p>\n<p>Kogo dotyczy RODO?<\/p>\n<p>&nbsp;<\/p>\n<p>Po pierwsze, RODO dotyczy <strong>ka\u017cdego przedsi\u0119biorcy<\/strong>, kt\u00f3ry prowadzi dzia\u0142alno\u015b\u0107 w Unii Europejskiej i przetwarza dane osobowe. B\u0119dzie to zatem zar\u00f3wno taki przedsi\u0119biorca, kt\u00f3ry prowadzi ma\u0142\u0105, 1-osobow\u0105 firm\u0119, jak i olbrzymie mi\u0119dzynarodowe korporacje. Oczywi\u015bcie rozmiar prowadzonej dzia\u0142alno\u015bci b\u0119dzie mia\u0142 wp\u0142yw na konkretne \u015brodki, kt\u00f3re nale\u017cy wdro\u017cy\u0107, ale wymaga podkre\u015blenia, \u017ce nowe przepisy co do zasady znajd\u0105 zastosowanie do wszystkich przedsi\u0119biorc\u00f3w.<\/p>\n<p>&nbsp;<\/p>\n<p>Czyje dane osobowe ma chroni\u0107 RODO?<\/p>\n<p>&nbsp;<\/p>\n<p>Nowe przepisy maj\u0105 za zadanie chroni\u0107 dane osobowe <strong>wszystkich os\u00f3b fizycznych<\/strong>. Wszystkich, to znaczy nie tylko os\u00f3b prywatnych, lecz r\u00f3wnie\u017c os\u00f3b prowadz\u0105cych 1-osobow\u0105 dzia\u0142alno\u015b\u0107 gospodarcz\u0105 i widniej\u0105cych w CEIDG. Nale\u017cy pami\u0119ta\u0107, \u017ce cho\u0107 osoby prawne (np. sp\u00f3\u0142ki) nie maj\u0105 danych osobowych, to maj\u0105 je osoby fizyczne je reprezentuj\u0105ce lub dla nich pracuj\u0105ce. Danych osobowych nie maj\u0105 osoby zmar\u0142e.<\/p>\n<p>&nbsp;<\/p>\n<p>A czym s\u0105 w\u0142a\u015bciwie dane osobowe?<\/p>\n<p>&nbsp;<\/p>\n<p>Zgodnie z definicj\u0105 wynikaj\u0105c\u0105 z samego RODO: \u201e<strong>dane osobowe<\/strong>\u201d oznaczaj\u0105 informacje o zidentyfikowanej lub mo\u017cliwej do zidentyfikowania osobie fizycznej (\u201eosobie, kt\u00f3rej dane dotycz\u0105\u201d); mo\u017cliwa do zidentyfikowania osoba fizyczna to osoba, kt\u00f3r\u0105 mo\u017cna bezpo\u015brednio lub po\u015brednio zidentyfikowa\u0107, w szczeg\u00f3lno\u015bci na podstawie identyfikatora takiego jak imi\u0119 i nazwisko, numer identyfikacyjny, dane o lokalizacji, identyfikator internetowy lub jeden b\u0105d\u017a kilka szczeg\u00f3lnych czynnik\u00f3w okre\u015blaj\u0105cych fizyczn\u0105, fizjologiczn\u0105, genetyczn\u0105, psychiczn\u0105, ekonomiczn\u0105, kulturow\u0105 lub spo\u0142eczn\u0105 to\u017csamo\u015b\u0107 osoby fizycznej.<\/p>\n<p>&nbsp;<\/p>\n<p>M\u00f3wi\u0105c pro\u015bciej, danymi osobowymi b\u0119d\u0105 przede wszystkim takie dane, jak imi\u0119 i nazwisko, adres zamieszkania, PESEL czy NIP, ale tak\u017ce <strong>wizerunek<\/strong> (co ma znaczenie np. w sytuacji prowadzenia monitoringu).<\/p>\n<p>&nbsp;<\/p>\n<p>Czym jest przetwarzanie danych?<\/p>\n<p>&nbsp;<\/p>\n<p>Zgodnie z RODO<strong> przetwarzanie danych<\/strong> oznacza operacj\u0119 lub zestaw operacji wykonywanych na danych osobowych lub zestawach danych osobowych w spos\u00f3b zautomatyzowany lub niezautomatyzowany, tak\u0105 jak zbieranie, utrwalanie, organizowanie, porz\u0105dkowanie, przechowywanie, adaptowanie lub modyfikowanie, pobieranie, przegl\u0105danie, wykorzystywanie, ujawnianie poprzez przes\u0142anie, rozpowszechnianie lub innego rodzaju udost\u0119pnianie, dopasowywanie lub \u0142\u0105czenie, ograniczanie, usuwanie lub niszczenie.<\/p>\n<p>&nbsp;<\/p>\n<p>Jak wida\u0107, definicja ta jest bardzo szeroka i obejmuje w\u0142a\u015bciwie ka\u017cd\u0105 czynno\u015b\u0107 zwi\u0105zan\u0105 z danymi osobowymi.<\/p>\n<p>&nbsp;<\/p>\n<p>Na czym polega wdro\u017cenie RODO?<\/p>\n<p>&nbsp;<\/p>\n<p>Na to pytanie niestety trudno jest odpowiedzie\u0107 generalnie, poniewa\u017c \u2013 jak ju\u017c wskazano \u2013 <strong>dostosowanie dzia\u0142alno\u015bci do wymaga\u0144 RODO u ka\u017cdego przedsi\u0119biorcy b\u0119dzie wi\u0105za\u0142o si\u0119 z innymi czynno\u015bciami<\/strong>. Generalnie chodzi jednak o to, aby: dokona\u0107 analizy w\u0142asnej dzia\u0142alno\u015bci pod k\u0105tem przetwarzania danych osobowych (przede wszystkim czyje i jakie dane, w jakich sytuacjach s\u0105 przetwarzane) i oceni\u0107 ryzyko, zastosowa\u0107 dzia\u0142ania zapewniaj\u0105ce bezpiecze\u0144stwo danych (\u015brodki fizyczne i elektroniczne), ustali\u0107 podstawy prawne przetwarzania danych, zapozna\u0107 si\u0119 z obowi\u0105zkami wynikaj\u0105cymi z RODO (m. in. obowi\u0105zkiem informacyjnym, prowadzenia rejestru czynno\u015bci przetwarzania danych czy powo\u0142ania inspektora danych osobowych) i oczywi\u015bcie je wykona\u0107.<\/p>\n<p>&nbsp;<\/p>\n<p><em>Stan prawny aktualny na dzie\u0144 13.05.2018 r.<\/em><\/p>\n<p>&nbsp;<\/p>\n<p>Zapraszamy do <a href=\"https:\/\/ww-kancelaria.pl\/kontakt.php\">kontaktu<\/a>.<\/p>\n","protected":false},"excerpt":{"rendered":"<p>RODO. Czy jest jeszcze kto\u015b, kto cho\u0107by przypadkiem nie s\u0142ysza\u0142 tego s\u0142owa? W ostatnich miesi\u0105cach RODO jest przedmiotem licznych artyku\u0142\u00f3w, komentarzy i dyskusji, tak w\u015br\u00f3d specjalist\u00f3w zajmuj\u0105cych si\u0119 ochron\u0105 danych osobowych, jak i w\u015br\u00f3d przedsi\u0119biorc\u00f3w, przera\u017conych wizj\u0105 olbrzymich kar finansowych. [&hellip;]<\/p>\n","protected":false},"author":2,"featured_media":18,"comment_status":"open","ping_status":"open","sticky":false,"template":"","format":"standard","meta":{"footnotes":""},"categories":[1],"tags":[],"class_list":["post-93","post","type-post","status-publish","format-standard","has-post-thumbnail","hentry","category-bez-kategorii"],"_links":{"self":[{"href":"https:\/\/ww-kancelaria.pl\/blog\/wp-json\/wp\/v2\/posts\/93","targetHints":{"allow":["GET"]}}],"collection":[{"href":"https:\/\/ww-kancelaria.pl\/blog\/wp-json\/wp\/v2\/posts"}],"about":[{"href":"https:\/\/ww-kancelaria.pl\/blog\/wp-json\/wp\/v2\/types\/post"}],"author":[{"embeddable":true,"href":"https:\/\/ww-kancelaria.pl\/blog\/wp-json\/wp\/v2\/users\/2"}],"replies":[{"embeddable":true,"href":"https:\/\/ww-kancelaria.pl\/blog\/wp-json\/wp\/v2\/comments?post=93"}],"version-history":[{"count":1,"href":"https:\/\/ww-kancelaria.pl\/blog\/wp-json\/wp\/v2\/posts\/93\/revisions"}],"predecessor-version":[{"id":701,"href":"https:\/\/ww-kancelaria.pl\/blog\/wp-json\/wp\/v2\/posts\/93\/revisions\/701"}],"wp:featuredmedia":[{"embeddable":true,"href":"https:\/\/ww-kancelaria.pl\/blog\/wp-json\/wp\/v2\/media\/18"}],"wp:attachment":[{"href":"https:\/\/ww-kancelaria.pl\/blog\/wp-json\/wp\/v2\/media?parent=93"}],"wp:term":[{"taxonomy":"category","embeddable":true,"href":"https:\/\/ww-kancelaria.pl\/blog\/wp-json\/wp\/v2\/categories?post=93"},{"taxonomy":"post_tag","embeddable":true,"href":"https:\/\/ww-kancelaria.pl\/blog\/wp-json\/wp\/v2\/tags?post=93"}],"curies":[{"name":"wp","href":"https:\/\/api.w.org\/{rel}","templated":true}]}}