{"id":57,"date":"2018-03-28T22:56:32","date_gmt":"2018-03-28T20:56:32","guid":{"rendered":"http:\/\/krpwojcik.pl\/?p=57"},"modified":"2025-07-07T22:02:18","modified_gmt":"2025-07-07T20:02:18","slug":"przelomowe-uchwaly-sadu-najwyzszego-zadoscuczynienie-mozliwe-rowniez-dla-bliskich-osob-w-stanie-terminalnym-lub-wegetatywnym","status":"publish","type":"post","link":"https:\/\/ww-kancelaria.pl\/blog\/przelomowe-uchwaly-sadu-najwyzszego-zadoscuczynienie-mozliwe-rowniez-dla-bliskich-osob-w-stanie-terminalnym-lub-wegetatywnym\/","title":{"rendered":"Prze\u0142omowe uchwa\u0142y S\u0105du Najwy\u017cszego \u2013 zado\u015b\u0107uczynienie mo\u017cliwe r\u00f3wnie\u017c dla bliskich os\u00f3b w stanie terminalnym lub wegetatywnym."},"content":{"rendered":"<p>W dniu 27 marca 2018 r. S\u0105d Najwy\u017cszy w sk\u0142adzie siedmiu s\u0119dzi\u00f3w podj\u0105\u0142 3 prze\u0142omowe uchwa\u0142y (sygn. akt III CZP 36\/17, III CZP 60\/17, III CZP 69\/17), w kt\u00f3rych wyrazi\u0142 pogl\u0105d, i\u017c \u201e<strong><em>S\u0105d mo\u017ce przyzna\u0107 zado\u015b\u0107uczynienie za krzywd\u0119 osobom najbli\u017cszym poszkodowanego, kt\u00f3ry na skutek czynu niedozwolonego dozna\u0142 ci\u0119\u017ckiego i trwa\u0142ego uszczerbku na zdrowiu<\/em><\/strong>\u201d.<\/p>\n<p>&nbsp;<\/p>\n<p>Stanowisko to jest bardzo korzystne dla tych os\u00f3b, kt\u00f3rych najbli\u017csi znale\u017ali si\u0119 wskutek wypadku czy te\u017c b\u0142\u0119du medycznego <strong>w bardzo ci\u0119\u017ckim stanie \u2013 terminalnym lub wegetatywnym<\/strong>. Chodzi zatem o wszystkie te sytuacje, gdy osoba bliska \u017cyje, lecz ze wzgl\u0119du na stan, w kt\u00f3rym si\u0119 znajduje, nie jest mo\u017cliwe kszta\u0142towanie prawid\u0142owych relacji i dochodzi w rzeczywisto\u015bci do zerwania wi\u0119zi rodzinnych.<\/p>\n<p>&nbsp;<\/p>\n<p>Dotychczas kwestia mo\u017cliwo\u015bci dochodzenia w takich przypadkach zado\u015b\u0107uczynienia by\u0142a sporna, a zak\u0142ady ubezpiecze\u0144 w decyduj\u0105cej wi\u0119kszo\u015bci przypadk\u00f3w odmawia\u0142y wyp\u0142aty \u015bwiadcze\u0144, powo\u0142uj\u0105c si\u0119 na brak podstawy prawnej \u017c\u0105da\u0144. Orzecznictwo s\u0105d\u00f3w powszechnych by\u0142o za\u015b rozbie\u017cne. Obecnie dochodzenie roszcze\u0144 powinno by\u0107 \u0142atwiejsze, aczkolwiek nale\u017cy podkre\u015bli\u0107, \u017ce <strong>ka\u017cdorazowo ocena konkretnej sprawy nale\u017ce\u0107 b\u0119dzie do S\u0105du rozpoznaj\u0105cego spraw\u0119, kt\u00f3ry b\u0119dzie \u201em\u00f3g\u0142\u201d, nie za\u015b \u201emusia\u0142\u201d zas\u0105dzi\u0107 okre\u015blon\u0105 kwot\u0119<\/strong>.<\/p>\n<p>&nbsp;<\/p>\n<p>Sytuacja stanie si\u0119 jeszcze bardziej klarowna po opublikowaniu przez S\u0105d Najwy\u017cszy uzasadnienia podj\u0119tych uchwa\u0142.<\/p>\n<p>&nbsp;<\/p>\n<p>Zapraszamy do <a href=\"http:\/\/ww-kancelaria.pl\/kontakt\">kontaktu<\/a>!<\/p>\n<p>kancelaria Wroc\u0142aw &#8211; adwokat Wroc\u0142aw &#8211; radca prawny Wroc\u0142aw &#8211; adwokat odszkodowania<\/p>\n","protected":false},"excerpt":{"rendered":"<p>W dniu 27 marca 2018 r. S\u0105d Najwy\u017cszy w sk\u0142adzie siedmiu s\u0119dzi\u00f3w podj\u0105\u0142 3 prze\u0142omowe uchwa\u0142y (sygn. akt III CZP 36\/17, III CZP 60\/17, III CZP 69\/17), w kt\u00f3rych wyrazi\u0142 pogl\u0105d, i\u017c \u201eS\u0105d mo\u017ce przyzna\u0107 zado\u015b\u0107uczynienie za krzywd\u0119 osobom najbli\u017cszym [&hellip;]<\/p>\n","protected":false},"author":2,"featured_media":15,"comment_status":"open","ping_status":"open","sticky":false,"template":"","format":"standard","meta":{"footnotes":""},"categories":[12],"tags":[],"class_list":["post-57","post","type-post","status-publish","format-standard","has-post-thumbnail","hentry","category-prawo-cywilne"],"_links":{"self":[{"href":"https:\/\/ww-kancelaria.pl\/blog\/wp-json\/wp\/v2\/posts\/57","targetHints":{"allow":["GET"]}}],"collection":[{"href":"https:\/\/ww-kancelaria.pl\/blog\/wp-json\/wp\/v2\/posts"}],"about":[{"href":"https:\/\/ww-kancelaria.pl\/blog\/wp-json\/wp\/v2\/types\/post"}],"author":[{"embeddable":true,"href":"https:\/\/ww-kancelaria.pl\/blog\/wp-json\/wp\/v2\/users\/2"}],"replies":[{"embeddable":true,"href":"https:\/\/ww-kancelaria.pl\/blog\/wp-json\/wp\/v2\/comments?post=57"}],"version-history":[{"count":2,"href":"https:\/\/ww-kancelaria.pl\/blog\/wp-json\/wp\/v2\/posts\/57\/revisions"}],"predecessor-version":[{"id":732,"href":"https:\/\/ww-kancelaria.pl\/blog\/wp-json\/wp\/v2\/posts\/57\/revisions\/732"}],"wp:featuredmedia":[{"embeddable":true,"href":"https:\/\/ww-kancelaria.pl\/blog\/wp-json\/wp\/v2\/media\/15"}],"wp:attachment":[{"href":"https:\/\/ww-kancelaria.pl\/blog\/wp-json\/wp\/v2\/media?parent=57"}],"wp:term":[{"taxonomy":"category","embeddable":true,"href":"https:\/\/ww-kancelaria.pl\/blog\/wp-json\/wp\/v2\/categories?post=57"},{"taxonomy":"post_tag","embeddable":true,"href":"https:\/\/ww-kancelaria.pl\/blog\/wp-json\/wp\/v2\/tags?post=57"}],"curies":[{"name":"wp","href":"https:\/\/api.w.org\/{rel}","templated":true}]}}