{"id":52,"date":"2018-03-15T20:46:29","date_gmt":"2018-03-15T19:46:29","guid":{"rendered":"http:\/\/krpwojcik.pl\/?p=50"},"modified":"2025-07-07T22:00:10","modified_gmt":"2025-07-07T20:00:10","slug":"radca-prawny-a-prawnik-czyli-o-tym-dlaczego-warto-wybrac-profesjonaliste","status":"publish","type":"post","link":"https:\/\/ww-kancelaria.pl\/blog\/radca-prawny-a-prawnik-czyli-o-tym-dlaczego-warto-wybrac-profesjonaliste\/","title":{"rendered":"Radca prawny a prawnik, czyli o tym dlaczego warto wybra\u0107 profesjonalist\u0119."},"content":{"rendered":"<p><strong>Zaw\u00f3d radcy prawnego jest zawodem zaufania publicznego w rozumieniu art. 17 ust. 1 konstytucji RP, a zasady jego wykonywania zosta\u0142y uregulowane w ustawie z dnia 6 lipca 1982 r. o radcach prawnych. Zgodnie z art. 4 tej ustawy, wykonywanie zawodu radcy prawnego polega na \u015bwiadczeniu pomocy prawnej, czyli w szczeg\u00f3lno\u015bci na udzielaniu porad i konsultacji prawnych, sporz\u0105dzaniu opinii prawnych, opracowywaniu projekt\u00f3w akt\u00f3w prawnych oraz wyst\u0119powaniu przed urz\u0119dami i s\u0105dami w charakterze pe\u0142nomocnika lub obro\u0144cy.<\/strong><\/p>\n<p>&nbsp;<\/p>\n<p>Zaw\u00f3d radcy prawnego mo\u017ce wykonywa\u0107 wy\u0142\u0105cznie osoba, kt\u00f3ra spe\u0142nia wymagania okre\u015blone wy\u017cej przywo\u0142an\u0105 ustaw\u0105. S\u0105 to wymagania daleko id\u0105ce, zwi\u0105zane z uzyskaniem odpowiedniego wykszta\u0142cenia oraz wiedzy, potwierdzonej \u2013 co do zasady \u2013 zdanym egzaminem zawodowym po uko\u0144czeniu aplikacji. Droga do uzyskania tytu\u0142u zawodowego \u201eradcy prawnego\u201d jest zatem d\u0142uga i trudna, wymaga wielu po\u015bwi\u0119ce\u0144 i ci\u0119\u017ckiej pracy.<\/p>\n<p>&nbsp;<\/p>\n<p>Takiej d\u0142ugiej drogi nie musz\u0105 przechodzi\u0107 osoby, kt\u00f3re dzia\u0142aj\u0105 na rynku us\u0142ug prawniczych jako prawnicy czy te\u017c doradcy prawni. Prawnikiem mo\u017ce tytu\u0142owa\u0107 si\u0119 osoba, kt\u00f3ra uzyska\u0142a wy\u017csze wykszta\u0142cenie prawnicze i posiada tytu\u0142 magistra prawa. Takie osoby mog\u0105 co prawda \u015bwiadczy\u0107 us\u0142ugi prawne, jednak\u017ce ich dzia\u0142alno\u015b\u0107 nie jest regulowana przepisami. Osoby dzia\u0142aj\u0105ce jako prawnicy (doradcy prawni) nie musz\u0105 spe\u0142nia\u0107 rygorystycznych wymog\u00f3w przewidzianych dla dzia\u0142alno\u015bci radc\u00f3w prawnych, jak r\u00f3wnie\u017c s\u0105 wolni od licznych obowi\u0105zk\u00f3w.<\/p>\n<p>&nbsp;<\/p>\n<p>Przede wszystkim, na radcach prawnych spoczywa obowi\u0105zek zachowania tajemnicy zawodowej. Radca prawny jest obowi\u0105zany zachowa\u0107 w tajemnicy wszystko, o czym dowiedzia\u0142 si\u0119 w zwi\u0105zku z udzieleniem pomocy prawnej. Zgodnie z Kodeksem Etyki Radcy Prawnego z 2014 r. obowi\u0105zek zachowania tajemnicy zawodowej nie mo\u017ce by\u0107 ograniczony w czasie i istnieje r\u00f3wnie\u017c po zaprzestaniu wykonywania zawodu.<\/p>\n<p>&nbsp;<\/p>\n<p>Radcowie prawni s\u0105 zobowi\u0105zani do przestrzegania zasad etyki zawodowej, okre\u015blonych w\u0142a\u015bnie w przywo\u0142anym wy\u017cej Kodeksie Etyki Radcy Prawnego z 2014 r. (dost\u0119pny online <a href=\"http:\/\/kirp.pl\/etyka-i-wykonywanie-zawodu\/etyka\/kodeks-etyki-radcy-prawnego\/\">tutaj<\/a>).<\/p>\n<p>&nbsp;<\/p>\n<p>Ka\u017cdy radca prawny podlega odpowiedzialno\u015bci dyscyplinarnej za post\u0119powanie sprzeczne z prawem, zasadami etyki lub godno\u015bci\u0105 zawodu b\u0105d\u017a za naruszenie swych obowi\u0105zk\u00f3w zawodowych.<\/p>\n<p>&nbsp;<\/p>\n<p>Ka\u017cdy radca prawny podlega obowi\u0105zkowemu ubezpieczeniu od odpowiedzialno\u015bci cywilnej za szkody wyrz\u0105dzone przy wykonywaniu czynno\u015bci zawodowych. Za niespe\u0142nienie obowi\u0105zku zawarcia takiej umowy radca prawny ponosi odpowiedzialno\u015b\u0107 dyscyplinarn\u0105.<\/p>\n<p>&nbsp;<\/p>\n<p>Ka\u017cdy radca prawny i aplikant radcowski jest cz\u0142onkiem samorz\u0105du zawodowego, do kt\u00f3rego przynale\u017cno\u015b\u0107 jest obowi\u0105zkowa. Do zada\u0144 samorz\u0105du nale\u017cy m. in. nadz\u00f3r nad nale\u017cytym wykonywaniem zawodu przez radc\u00f3w prawnych i aplikant\u00f3w radcowskich. W razie uznania, \u017ce dany radca prawny naruszy\u0142 zasady etyki b\u0105d\u017a wykonywania zawodu, ka\u017cdy Klient mo\u017ce zwr\u00f3ci\u0107 si\u0119 do w\u0142a\u015bciwego organu samorz\u0105du zawodowego ze stosown\u0105 skarg\u0105. W przypadku os\u00f3b \u015bwiadcz\u0105cych us\u0142ugi prawne jako \u201eprawnicy\u201d (ewentualnie \u201edoradcy prawni\u201d) nie obowi\u0105zuj\u0105 powy\u017csze zasady. Ich dzia\u0142alno\u015b\u0107 nie jest obj\u0119ta nadzorem i nie ponosz\u0105 odpowiedzialno\u015bci dyscyplinarnej. Nie obowi\u0105zuj\u0105 tych os\u00f3b r\u00f3wnie\u017c zasady etyki zawodowej, w tym obowi\u0105zek zachowania tajemnicy i nie maj\u0105 obowi\u0105zku posiadania ubezpieczenia OC.<\/p>\n<p>&nbsp;<\/p>\n<p>Podsumowuj\u0105c, wybieraj\u0105c us\u0142ugi radcy prawnego, nie prawnika, Klient uzyskuje nie tylko profesjonaln\u0105 pomoc prawn\u0105, lecz r\u00f3wnie\u017c gwarancj\u0119 bezpiecze\u0144stwa na wypadek tzw. b\u0142\u0119du w sztuce.<\/p>\n<p>&nbsp;<\/p>\n<p>Zapraszamy do <a href=\"http:\/\/ww-kancelaria.pl\/kontakt\">kontaktu<\/a>!<\/p>\n<p>&nbsp;<\/p>\n<p>kancelaria Wroc\u0142aw &#8211; adwokat Wroc\u0142aw &#8211; radca prawny Wroc\u0142aw<\/p>\n","protected":false},"excerpt":{"rendered":"<p>Zaw\u00f3d radcy prawnego jest zawodem zaufania publicznego w rozumieniu art. 17 ust. 1 konstytucji RP, a zasady jego wykonywania zosta\u0142y uregulowane w ustawie z dnia 6 lipca 1982 r. o radcach prawnych. Zgodnie z art. 4 tej ustawy, wykonywanie zawodu [&hellip;]<\/p>\n","protected":false},"author":2,"featured_media":51,"comment_status":"open","ping_status":"open","sticky":false,"template":"","format":"standard","meta":{"footnotes":""},"categories":[1],"tags":[],"class_list":["post-52","post","type-post","status-publish","format-standard","has-post-thumbnail","hentry","category-bez-kategorii"],"_links":{"self":[{"href":"https:\/\/ww-kancelaria.pl\/blog\/wp-json\/wp\/v2\/posts\/52","targetHints":{"allow":["GET"]}}],"collection":[{"href":"https:\/\/ww-kancelaria.pl\/blog\/wp-json\/wp\/v2\/posts"}],"about":[{"href":"https:\/\/ww-kancelaria.pl\/blog\/wp-json\/wp\/v2\/types\/post"}],"author":[{"embeddable":true,"href":"https:\/\/ww-kancelaria.pl\/blog\/wp-json\/wp\/v2\/users\/2"}],"replies":[{"embeddable":true,"href":"https:\/\/ww-kancelaria.pl\/blog\/wp-json\/wp\/v2\/comments?post=52"}],"version-history":[{"count":2,"href":"https:\/\/ww-kancelaria.pl\/blog\/wp-json\/wp\/v2\/posts\/52\/revisions"}],"predecessor-version":[{"id":730,"href":"https:\/\/ww-kancelaria.pl\/blog\/wp-json\/wp\/v2\/posts\/52\/revisions\/730"}],"wp:featuredmedia":[{"embeddable":true,"href":"https:\/\/ww-kancelaria.pl\/blog\/wp-json\/"}],"wp:attachment":[{"href":"https:\/\/ww-kancelaria.pl\/blog\/wp-json\/wp\/v2\/media?parent=52"}],"wp:term":[{"taxonomy":"category","embeddable":true,"href":"https:\/\/ww-kancelaria.pl\/blog\/wp-json\/wp\/v2\/categories?post=52"},{"taxonomy":"post_tag","embeddable":true,"href":"https:\/\/ww-kancelaria.pl\/blog\/wp-json\/wp\/v2\/tags?post=52"}],"curies":[{"name":"wp","href":"https:\/\/api.w.org\/{rel}","templated":true}]}}