{"id":483,"date":"2024-02-15T22:48:45","date_gmt":"2024-02-15T21:48:45","guid":{"rendered":"https:\/\/krpwojcik.pl\/?p=483"},"modified":"2025-07-07T22:48:33","modified_gmt":"2025-07-07T20:48:33","slug":"opieka-naprzemienna-na-czym-polega-i-kiedy-ma-sens","status":"publish","type":"post","link":"https:\/\/ww-kancelaria.pl\/blog\/opieka-naprzemienna-na-czym-polega-i-kiedy-ma-sens\/","title":{"rendered":"Opieka naprzemienna \u2014 na czym polega i kiedy ma sens?"},"content":{"rendered":"<p><span style=\"font-weight: 400;\">Kiedy rozwodzi si\u0119 dwoje os\u00f3b \u2014 zwykle jedynie oni ponosz\u0105 emocjonalne negatywne konsekwencje takiej decyzji. Bez wzgl\u0119du na to, czy decyzja o rozwodzie by\u0142a jedyn\u0105 s\u0142uszn\u0105, koniec zwi\u0105zku jest zawsze mniej, lub bardziej bolesny. Jednak gdy rozwodz\u0105 si\u0119 dwie osoby, kt\u00f3re maj\u0105 ma\u0142oletnie dzieci \u2014 ta decyzja niestety dotyka tak\u017ce ich. Wp\u0142ywa na ich emocje, uczucia i cho\u0107by rozw\u00f3d przebiega\u0142 naj\u0142agodniej jak to tylko mo\u017cliwe, dla dziecka raczej zawsze b\u0119dzie to sytuacja, kt\u00f3re z pewno\u015bci\u0105 chcia\u0142oby unikn\u0105\u0107. Decyzja o rozwodzie poci\u0105ga za sob\u0105 w\u00f3wczas konieczno\u015b\u0107 ustalenia, z kim dziecko b\u0119dzie mieszka\u0107. No i w niekt\u00f3rych sytuacjach, to w\u0142a\u015bnie tytu\u0142owa opieka naprzemienna mo\u017ce by\u0107 idealnym rozwi\u0105zaniem. Zw\u0142aszcza gdy dziecko ma bardzo dobre relacje zar\u00f3wno z jednym, jak i z drugim rodzicem. Je\u015bli chcesz dowiedzie\u0107 si\u0119, na czym dok\u0142adnie polega model naprzemiennej opieki nad dzieckiem oraz kiedy jego wprowadzenie ma sens \u2014 czytaj dalej!<\/span><\/p>\n<p>&nbsp;<\/p>\n<h3><b>Opieka naprzemienna \u2014 na czym polega?<\/b><\/h3>\n<p>&nbsp;<\/p>\n<p><span style=\"font-weight: 400;\">Cho\u0107 wydawa\u0107 by si\u0119 mog\u0142o, \u017ce aby znale\u017a\u0107 definicj\u0119 opieki naprzemiennej, nale\u017cy si\u0119gn\u0105\u0107 do Kodeksu Rodzinnego i opieku\u0144czego, to \u2014 nic z tego! Nie znajdziemy tam, ani w \u017cadnym innym akcie definicji tego modelu opieki nad dzieckiem. Ale spokojnie. Nie jest to \u017caden tw\u00f3r wyobra\u017ani, czy co\u015b, czego w prawie nie ma. Odniesienia do opieki naprzemiennej mo\u017cna odnale\u017a\u0107 w takich aktach prawnych jak Ustawa o pomocy pa\u0144stwa w wychowywaniu dzieci oraz Ustawa o \u015bwiadczeniach rodzinnych. Opieka naprzemienna charakteryzuje si\u0119 tym, \u017ce rodzice dziel\u0105 si\u0119 obowi\u0105zkami opieki nad dzieckiem, przejmuj\u0105c je na r\u00f3wnych zasadach przez ustalone okresy czasu. W praktyce oznacza to, \u017ce dziecko mo\u017ce na przemian mieszka\u0107 u jednego i drugiego rodzica, na przyk\u0142ad sp\u0119dzaj\u0105c tydzie\u0144 u matki, a nast\u0119pnie tydzie\u0144 u ojca.<\/span><\/p>\n<p>&nbsp;<\/p>\n<h3><b>Dobro dziecka i porozumienie rodzic\u00f3w to podstawa<\/b><\/h3>\n<p>&nbsp;<\/p>\n<p><span style=\"font-weight: 400;\">Decyzja o przyznaniu przez s\u0105d rodzicom prawa do wsp\u00f3lnego sprawowania opieki nad dzieckiem w ramach opieki naprzemiennej nie powinna by\u0107 motywowana jedynie d\u0105\u017ceniem do zapewnienia obu stronom r\u00f3wnego statusu wzgl\u0119dem dziecka, niezale\u017cnie od aktualnej sytuacji. Chocia\u017c system, w kt\u00f3rym dziecko sp\u0119dza zbli\u017con\u0105 ilo\u015b\u0107 czasu z ka\u017cdym z rodzic\u00f3w, mo\u017ce sprzyja\u0107 piel\u0119gnowaniu bliskich wi\u0119zi z ka\u017cdym z rodzic\u00f3w i zwi\u0119ksza\u0107 ich zaanga\u017cowanie w \u017cycie dziecka, to jednak priorytetem zawsze musi by\u0107 jego dobro.\u00a0<\/span><\/p>\n<p>&nbsp;<\/p>\n<p><span style=\"font-weight: 400;\">W zwi\u0105zku z tym na ten model sprawowania opieki nad dzieckiem powinni zdecydowa\u0107 si\u0119 jedynie Ci rodzice, kt\u00f3rzy potrafi\u0105 efektywnie wsp\u00f3\u0142pracowa\u0107 zar\u00f3wno w kwestiach opieki, jak i wychowania dziecka. Chodzi wi\u0119c o to, aby dobro dziecka by\u0142o zdecydowanie na pierwszym miejscu.\u00a0<\/span><\/p>\n<p>&nbsp;<\/p>\n<h3><b>Kiedy opieka naprzemienna ma sens?<\/b><\/h3>\n<p>&nbsp;<\/p>\n<p><span style=\"font-weight: 400;\">Opieka naprzemienna ma sens i jest korzystna w sytuacjach, gdy spe\u0142nione s\u0105 pewne kluczowe warunki, kt\u00f3re wspieraj\u0105 dobro dziecka oraz umo\u017cliwiaj\u0105 mu utrzymanie r\u00f3wnowagi i stabilno\u015bci w \u017cyciu.<\/span><\/p>\n<p>&nbsp;<\/p>\n<p><span style=\"font-weight: 400;\">Jest to kluczowe, aby zapewni\u0107 dziecku stabilno\u015b\u0107 i poczucie bezpiecze\u0144stwa. W takiej sytuacji mo\u017cliwo\u015b\u0107 zachowania r\u00f3wnych relacji z oboma rodzicami i ich rodzinami jest niew\u0105tpliw\u0105 zalet\u0105, pozwalaj\u0105c\u0105 na rozw\u00f3j emocjonalny i spo\u0142eczny dziecka.<\/span><\/p>\n<p>&nbsp;<\/p>\n<p><span style=\"font-weight: 400;\">Jednocze\u015bnie, opieka naprzemienna umo\u017cliwia rodzicom r\u00f3wnowag\u0119 mi\u0119dzy \u017cyciem zawodowym a obowi\u0105zkami rodzicielskimi, co mo\u017ce przynosi\u0107 korzy\u015bci ca\u0142ej rodzinie. Wa\u017cne jest jednak, aby uwzgl\u0119dni\u0107 potrzeby i uczucia dziecka w tym procesie. Nie ka\u017cde dziecko odnajdzie si\u0119 w sytuacji, gdzie musi przemieszcza\u0107 si\u0119 mi\u0119dzy domami rodzic\u00f3w, co mo\u017ce by\u0107 \u017ar\u00f3d\u0142em stresu i niepewno\u015bci.<\/span><\/p>\n<p>&nbsp;<\/p>\n<p><span style=\"font-weight: 400;\">Decyzj\u0119 o opiece naprzemiennej powinno si\u0119 wi\u0119c podejmowa\u0107 z rozwag\u0105, bior\u0105c pod uwag\u0119 indywidualne potrzeby dziecka oraz zdolno\u015b\u0107 rodzic\u00f3w do efektywnego zarz\u0105dzania t\u0105 form\u0105 opieki. Kiedy rodzice s\u0105 w stanie stworzy\u0107 stabilne i wspieraj\u0105ce \u015brodowisko, uwzgl\u0119dniaj\u0105c przy tym dobro dziecka jako nadrz\u0119dny cel, opieka naprzemienna mo\u017ce przynie\u015b\u0107 wiele korzy\u015bci dla wszystkich zaanga\u017cowanych stron.<\/span><\/p>\n<p>&nbsp;<\/p>\n<h3><b>Przyznanie opieki naprzemiennej przez s\u0105d, a porozumienie rodzic\u00f3w<\/b><\/h3>\n<p>&nbsp;<\/p>\n<p><span style=\"font-weight: 400;\">Aby ustanowi\u0107 opiek\u0119 naprzemienn\u0105 nad dzieckiem, konieczne jest s\u0105dowe orzeczenie o takiej formie opieki, realizowanej w por\u00f3wnywalnych i powtarzaj\u0105cych si\u0119 okresach.\u00a0<\/span><\/p>\n<p>&nbsp;<\/p>\n<p><span style=\"font-weight: 400;\">Warto jednak zaznaczy\u0107, \u017ce rodzice mog\u0105 samodzielnie, bez dzia\u0142ania s\u0105du, ustali\u0107 form\u0119 opieki nad dzieckiem, przedstawiaj\u0105c <\/span><b>plan wychowawczy<\/b><span style=\"font-weight: 400;\"> do akceptacji s\u0105du.<\/span><\/p>\n<p>&nbsp;<\/p>\n<p><span style=\"font-weight: 400;\">Jest to wa\u017cny aspekt dla rodzic\u00f3w, kt\u00f3rzy rozwa\u017caj\u0105 opiek\u0119 naprzemienn\u0105, poniewa\u017c wskazuje na mo\u017cliwo\u015b\u0107 samodzielnego ustalenia przez nich formy opieki, co jest zwykle bardziej elastyczne i dostosowane do indywidualnych potrzeb rodziny. Chocia\u017c wym\u00f3g s\u0105dowego orzeczenia wydaje si\u0119 niezb\u0119dny dla formalnego uznania opieki naprzemiennej, rodzice powinni by\u0107 \u015bwiadomi, \u017ce mog\u0105 oni wsp\u00f3lnie opracowa\u0107 i przed\u0142o\u017cy\u0107 s\u0105dowi plan wychowawczy, kt\u00f3ry b\u0119dzie odzwierciedla\u0142 ich wsp\u00f3ln\u0105 decyzj\u0119 o takiej formie opieki. Taka inicjatywa mo\u017ce sprzyja\u0107 lepszemu zrozumieniu i wsp\u00f3\u0142pracy mi\u0119dzy rodzicami w interesie, przede wszystkim, dobra dziecka.<\/span><\/p>\n<p>&nbsp;<\/p>\n<h3><b>Podsumowanie<\/b><\/h3>\n<p>&nbsp;<\/p>\n<p><span style=\"font-weight: 400;\">Rozwa\u017caj\u0105c r\u00f3\u017cne modele opieki nad dzieckiem po rozwodzie, opieka naprzemienna wy\u0142ania si\u0119 jako jedno z rozwi\u0105za\u0144, kt\u00f3re mo\u017ce s\u0142u\u017cy\u0107 zar\u00f3wno interesom dziecka, jak i rodzic\u00f3w. Bez w\u0105tpienia, wprowadzony racjonalnie i z poszanowaniem dobra dziecka, mo\u017ce by\u0107 naprawd\u0119 atrakcyjnym modelem opieki nad dzieckiem, kt\u00f3ry daje mo\u017cliwo\u015b\u0107 zachowania silnych, r\u00f3wnych relacji z obojgiem rodzic\u00f3w, co ma kluczowe znaczenie dla emocjonalnego i spo\u0142ecznego rozwoju dziecka.<\/span><\/p>\n<p>&nbsp;<\/p>\n<p><span style=\"font-weight: 400;\">Pami\u0119tajmy jednak, \u017ce ka\u017cda rodzina jest inna, a decyzj\u0119 o wprowadzeniu takiego modelu opieki nale\u017cy dok\u0142adnie przemy\u015ble\u0107 i dostosowa\u0107 do indywidualnych potrzeb i mo\u017cliwo\u015bci dziecka oraz rodzic\u00f3w. Wiele zale\u017cy od ich zdolno\u015bci do wsp\u00f3\u0142pracy i komunikacji, a tak\u017ce od stabilno\u015bci i przewidywalno\u015bci, jakie mog\u0105 zapewni\u0107 dziecku w nowej sytuacji \u017cyciowej.<\/span><\/p>\n<p>&nbsp;<\/p>\n<p><span style=\"font-weight: 400;\">Je\u015bli znajdujesz si\u0119 w sytuacji, w kt\u00f3rej rozwa\u017casz opiek\u0119 naprzemienn\u0105 lub masz w\u0105tpliwo\u015bci co do najlepszego sposobu zorganizowania opieki nad Twoim dzieckiem po rozwodzie \u2014 zapraszamy do <a href=\"https:\/\/ww-kancelaria.pl\/kontakt.php\">kontaktu<\/a> z nasz\u0105 Kancelari\u0105.<\/span><\/p>\n<p>&nbsp;<\/p>\n<p>prawo rodzinne Wroc\u0142aw &#8211; adwokat sprawy rodzinne Wroc\u0142aw &#8211; opieka naprzemienna Wroc\u0142aw &#8211; adwokat Wroc\u0142aw<\/p>\n","protected":false},"excerpt":{"rendered":"<p>Kiedy rozwodzi si\u0119 dwoje os\u00f3b \u2014 zwykle jedynie oni ponosz\u0105 emocjonalne negatywne konsekwencje takiej decyzji. Bez wzgl\u0119du na to, czy decyzja o rozwodzie by\u0142a jedyn\u0105 s\u0142uszn\u0105, koniec zwi\u0105zku jest zawsze mniej, lub bardziej bolesny. Jednak gdy rozwodz\u0105 si\u0119 dwie osoby, [&hellip;]<\/p>\n","protected":false},"author":2,"featured_media":485,"comment_status":"open","ping_status":"open","sticky":false,"template":"","format":"standard","meta":{"footnotes":""},"categories":[7],"tags":[170,171,136,48],"class_list":["post-483","post","type-post","status-publish","format-standard","has-post-thumbnail","hentry","category-prawo-rodzinne","tag-opieka-nad-dzieckiem","tag-opieka-naprzemienna","tag-prawo-rodzinne","tag-rozwod"],"_links":{"self":[{"href":"https:\/\/ww-kancelaria.pl\/blog\/wp-json\/wp\/v2\/posts\/483","targetHints":{"allow":["GET"]}}],"collection":[{"href":"https:\/\/ww-kancelaria.pl\/blog\/wp-json\/wp\/v2\/posts"}],"about":[{"href":"https:\/\/ww-kancelaria.pl\/blog\/wp-json\/wp\/v2\/types\/post"}],"author":[{"embeddable":true,"href":"https:\/\/ww-kancelaria.pl\/blog\/wp-json\/wp\/v2\/users\/2"}],"replies":[{"embeddable":true,"href":"https:\/\/ww-kancelaria.pl\/blog\/wp-json\/wp\/v2\/comments?post=483"}],"version-history":[{"count":2,"href":"https:\/\/ww-kancelaria.pl\/blog\/wp-json\/wp\/v2\/posts\/483\/revisions"}],"predecessor-version":[{"id":765,"href":"https:\/\/ww-kancelaria.pl\/blog\/wp-json\/wp\/v2\/posts\/483\/revisions\/765"}],"wp:featuredmedia":[{"embeddable":true,"href":"https:\/\/ww-kancelaria.pl\/blog\/wp-json\/"}],"wp:attachment":[{"href":"https:\/\/ww-kancelaria.pl\/blog\/wp-json\/wp\/v2\/media?parent=483"}],"wp:term":[{"taxonomy":"category","embeddable":true,"href":"https:\/\/ww-kancelaria.pl\/blog\/wp-json\/wp\/v2\/categories?post=483"},{"taxonomy":"post_tag","embeddable":true,"href":"https:\/\/ww-kancelaria.pl\/blog\/wp-json\/wp\/v2\/tags?post=483"}],"curies":[{"name":"wp","href":"https:\/\/api.w.org\/{rel}","templated":true}]}}