{"id":331,"date":"2020-08-09T14:34:59","date_gmt":"2020-08-09T12:34:59","guid":{"rendered":"https:\/\/krpwojcik.pl\/?p=331"},"modified":"2025-07-07T22:30:30","modified_gmt":"2025-07-07T20:30:30","slug":"czy-podzial-majatku-po-rozwodzie-musi-byc-rowny","status":"publish","type":"post","link":"https:\/\/ww-kancelaria.pl\/blog\/czy-podzial-majatku-po-rozwodzie-musi-byc-rowny\/","title":{"rendered":"Czy podzia\u0142 maj\u0105tku po rozwodzie musi by\u0107 r\u00f3wny?"},"content":{"rendered":"<p>Cz\u0119sto wyst\u0119puj\u0105cym po rozwodzie problemem jest to, jak podzieli\u0107 maj\u0105tek pomi\u0119dzy by\u0142ymi ma\u0142\u017conkami. Punktem wyj\u015bcia zwykle staje si\u0119 pytanie, czy podzia\u0142 maj\u0105tku musi by\u0107 r\u00f3wny.<\/p>\n<p>&nbsp;<\/p>\n<p>&nbsp;<\/p>\n<p>&nbsp;<\/p>\n<p>Zgodnie z art. 43 \u00a7 1 k.r.o., <strong>zasad\u0105 jest, \u017ce oboje ma\u0142\u017conkowie maj\u0105 r\u00f3wne udzia\u0142y w maj\u0105tku wsp\u00f3lnym<\/strong>. Oczywi\u015bcie o takich udzia\u0142ach mo\u017cna m\u00f3wi\u0107 dopiero po ustaniu wsp\u00f3lno\u015bci maj\u0105tkowej, co nast\u0119puje z momentem prawomocnego orzeczenia rozwodu (ewentualnie w razie ustanowienia rozdzielno\u015bci maj\u0105tkowej w trakcie trwania zwi\u0105zku ma\u0142\u017ce\u0144skiego). W czasie trwania wsp\u00f3lno\u015bci maj\u0105tek jest obj\u0119ty wsp\u00f3lno\u015bci\u0105 \u0142\u0105czn\u0105, kt\u00f3ra ma charakter bezudzia\u0142owy.<\/p>\n<p>&nbsp;<\/p>\n<p>&nbsp;<\/p>\n<p>&nbsp;<\/p>\n<p>Kiedy zatem mo\u017cliwe jest odej\u015bcie od zasady r\u00f3wno\u015bci udzia\u0142\u00f3w i podzielenie maj\u0105tku na nier\u00f3wne cz\u0119\u015bci? Ot\u00f3\u017c zgodnie z art. 43 \u00a7 2 k.r.o., <strong>z wa\u017cnych powod\u00f3w ka\u017cdy z ma\u0142\u017conk\u00f3w mo\u017ce \u017c\u0105da\u0107, a\u017ceby ustalenie udzia\u0142\u00f3w w maj\u0105tku wsp\u00f3lnym nast\u0105pi\u0142o z uwzgl\u0119dnieniem stopnia, w kt\u00f3rym ka\u017cdy z nich przyczyni\u0142 si\u0119 do powstania tego maj\u0105tku<\/strong>.<\/p>\n<p>&nbsp;<\/p>\n<p>&nbsp;<\/p>\n<p>&nbsp;<\/p>\n<p>Wielokrotnie podkre\u015blano w orzecznictwie S\u0105du Najwy\u017cszego, \u017ce odej\u015bcie od zasady r\u00f3wno\u015bci udzia\u0142\u00f3w mo\u017cliwe jest tylko wtedy, gdy ma\u0142\u017conek przeciwko kt\u00f3remu jest skierowane takie \u017c\u0105danie, w spos\u00f3b ra\u017c\u0105cy i uporczywy nie przyczynia si\u0119 do powstania b\u0105d\u017a powi\u0119kszenia maj\u0105tku wsp\u00f3lnego stosownie do swoich si\u0142 i mo\u017cliwo\u015bci zarobkowych. Przyk\u0142adowo, za wa\u017cne powody w rozumieniu art. 43 \u00a7 2 k.r.o. uznaje si\u0119 fakt trwonienia maj\u0105tku przez jedno z ma\u0142\u017conk\u00f3w, alkoholizm, narkomani\u0119, hazard czy tez dokonywanie ryzykownych operacji finansowych.<\/p>\n<p>&nbsp;<\/p>\n<p>&nbsp;<\/p>\n<p>&nbsp;<\/p>\n<p>Warto podkre\u015bli\u0107, \u017ce zachowanie ma\u0142\u017conka, kt\u00f3remu zarzuca si\u0119 takie negatywne dzia\u0142ania, musi mie\u0107 charakter <strong>ra\u017c\u0105cy i uporczywy<\/strong>. Nie w ka\u017cdym zatem przypadku istnienia r\u00f3\u017cnicy w przyczynianiu si\u0119 do powi\u0119kszenia maj\u0105tku wsp\u00f3lnego b\u0119dzie mo\u017cna zastosowa\u0107 art. 43 \u00a7 2 k.r.o. Przepis ten nie znajdzie zastosowania tak\u017ce w sytuacji, gdy jeden z ma\u0142\u017conk\u00f3w nie przyczynia si\u0119 do powstania maj\u0105tku wsp\u00f3lnego z przyczyn obiektywnych, niezale\u017cnych od jego woli (np. z powodu choroby czy nieporadno\u015bci \u017cyciowej).<\/p>\n<p>&nbsp;<\/p>\n<p>&nbsp;<\/p>\n<p>&nbsp;<\/p>\n<p>Nale\u017cy r\u00f3wnie\u017c pami\u0119ta\u0107, \u017ce zgodnie z art. 43 \u00a7 3 k.r.o., przy ocenie, w jakim stopniu ka\u017cdy z ma\u0142\u017conk\u00f3w przyczyni\u0142 si\u0119 do powstania maj\u0105tku wsp\u00f3lnego, uwzgl\u0119dnia si\u0119 tak\u017ce <strong>nak\u0142ad osobistej pracy przy wychowaniu dzieci i we wsp\u00f3lnym gospodarstwie domowym<\/strong>. Przyczynianie si\u0119 do powstania maj\u0105tku wsp\u00f3lnego nie mo\u017ce by\u0107 zatem rozumiane wy\u0142\u0105cznie jako uzyskiwanie \u015brodk\u00f3w finansowych, lecz mo\u017ce r\u00f3wnie\u017c polega\u0107 na podj\u0119ciu osobistych stara\u0144 o dobro rodziny.<\/p>\n<p>&nbsp;<\/p>\n<p>&nbsp;<\/p>\n<p>Stan prawny na dzie\u0144 09.08.2020 r.<\/p>\n<p>&nbsp;<\/p>\n<p>&nbsp;<\/p>\n<p><em>W przypadku pyta\u0144 lub w\u0105tpliwo\u015bci, zapraszamy do <a href=\"https:\/\/ww-kancelaria.pl\/kontakt.php\" target=\"_blank\" rel=\"noopener\">kontaktu<\/a>.<\/em><\/p>\n<p>&nbsp;<\/p>\n<p>podzia\u0142 maj\u0105tku adwokat Wroclaw &#8211; radca prawny Wroc\u0142aw &#8211; rozw\u00f3d adwokat Wroc\u0142aw &#8211; adwokat rodzinny Wroc\u0142aw<\/p>\n","protected":false},"excerpt":{"rendered":"<p>Cz\u0119sto wyst\u0119puj\u0105cym po rozwodzie problemem jest to, jak podzieli\u0107 maj\u0105tek pomi\u0119dzy by\u0142ymi ma\u0142\u017conkami. Punktem wyj\u015bcia zwykle staje si\u0119 pytanie, czy podzia\u0142 maj\u0105tku musi by\u0107 r\u00f3wny. &nbsp; &nbsp; &nbsp; Zgodnie z art. 43 \u00a7 1 k.r.o., zasad\u0105 jest, \u017ce oboje ma\u0142\u017conkowie [&hellip;]<\/p>\n","protected":false},"author":2,"featured_media":195,"comment_status":"open","ping_status":"open","sticky":false,"template":"","format":"standard","meta":{"footnotes":""},"categories":[7],"tags":[107,57,108,48,109],"class_list":["post-331","post","type-post","status-publish","format-standard","has-post-thumbnail","hentry","category-prawo-rodzinne","tag-majatek-malzenski","tag-podzial-majatku","tag-podzial-majatku-po-rozwodzie","tag-rozwod","tag-udzialy-w-majatku-wspolnym"],"_links":{"self":[{"href":"https:\/\/ww-kancelaria.pl\/blog\/wp-json\/wp\/v2\/posts\/331","targetHints":{"allow":["GET"]}}],"collection":[{"href":"https:\/\/ww-kancelaria.pl\/blog\/wp-json\/wp\/v2\/posts"}],"about":[{"href":"https:\/\/ww-kancelaria.pl\/blog\/wp-json\/wp\/v2\/types\/post"}],"author":[{"embeddable":true,"href":"https:\/\/ww-kancelaria.pl\/blog\/wp-json\/wp\/v2\/users\/2"}],"replies":[{"embeddable":true,"href":"https:\/\/ww-kancelaria.pl\/blog\/wp-json\/wp\/v2\/comments?post=331"}],"version-history":[{"count":2,"href":"https:\/\/ww-kancelaria.pl\/blog\/wp-json\/wp\/v2\/posts\/331\/revisions"}],"predecessor-version":[{"id":747,"href":"https:\/\/ww-kancelaria.pl\/blog\/wp-json\/wp\/v2\/posts\/331\/revisions\/747"}],"wp:featuredmedia":[{"embeddable":true,"href":"https:\/\/ww-kancelaria.pl\/blog\/wp-json\/"}],"wp:attachment":[{"href":"https:\/\/ww-kancelaria.pl\/blog\/wp-json\/wp\/v2\/media?parent=331"}],"wp:term":[{"taxonomy":"category","embeddable":true,"href":"https:\/\/ww-kancelaria.pl\/blog\/wp-json\/wp\/v2\/categories?post=331"},{"taxonomy":"post_tag","embeddable":true,"href":"https:\/\/ww-kancelaria.pl\/blog\/wp-json\/wp\/v2\/tags?post=331"}],"curies":[{"name":"wp","href":"https:\/\/api.w.org\/{rel}","templated":true}]}}