{"id":146,"date":"2018-10-14T12:27:50","date_gmt":"2018-10-14T10:27:50","guid":{"rendered":"http:\/\/krpwojcik.pl\/?p=146"},"modified":"2025-07-07T22:13:34","modified_gmt":"2025-07-07T20:13:34","slug":"smierc-przedsiebiorcy-a-dalsze-losy-jego-firmy-ustawa-o-zarzadzie-sukcesyjnym","status":"publish","type":"post","link":"https:\/\/ww-kancelaria.pl\/blog\/smierc-przedsiebiorcy-a-dalsze-losy-jego-firmy-ustawa-o-zarzadzie-sukcesyjnym\/","title":{"rendered":"\u015amier\u0107 przedsi\u0119biorcy a dalsze losy jego firmy \u2013 ustawa o zarz\u0105dzie sukcesyjnym"},"content":{"rendered":"<p>W dniu 25 lipca 2018 r., Prezydent Andrzej Duda podpisa\u0142 <strong>ustaw\u0119 z dnia 5 lipca 2018 r. o zarz\u0105dzie sukcesyjnym przedsi\u0119biorstwem osoby fizycznej<\/strong>. Ustawa ta reguluje zasady tymczasowego zarz\u0105dzania przedsi\u0119biorstwem po \u015bmierci przedsi\u0119biorcy, kt\u00f3ry we w\u0142asnym imieniu wykonywa\u0142 dzia\u0142alno\u015b\u0107 gospodarcz\u0105 na podstawie wpisu do Centralnej Ewidencji i Informacji o Dzia\u0142alno\u015bci Gospodarczej (CEIDG) oraz kontynuowania dzia\u0142alno\u015bci gospodarczej wykonywanej z wykorzystaniem tego przedsi\u0119biorstwa. Ustawa w zasadniczej cz\u0119\u015bci <strong>wejdzie w \u017cycie w dniu 25 listopada 2018 r.<\/strong><\/p>\n<p>&nbsp;<\/p>\n<p>&nbsp;<\/p>\n<p>Dotychczas, w wi\u0119kszo\u015bci przypadk\u00f3w, \u015bmier\u0107 przedsi\u0119biorcy prowadz\u0105cego indywidualn\u0105 dzia\u0142alno\u015b\u0107 gospodarcz\u0105 powodowa\u0142a zako\u0144czenie tej dzia\u0142alno\u015bci, z uwagi na liczne problemy, z kt\u00f3rymi musieli zmierzy\u0107 si\u0119 spadkobiercy. <strong>Celem nowej ustawy jest u\u0142atwienie kontynuacji takiej dzia\u0142alno\u015bci i zapewnienie ci\u0105g\u0142o\u015bci istnienia na rynku.<\/strong> Ustawa ta reguluje przede wszystkim kwestie zwi\u0105zane z ustanowieniem zarz\u0105dcy sukcesyjnego oraz jego konsekwencje na gruncie prowadzonej dzia\u0142alno\u015bci.<\/p>\n<p>&nbsp;<\/p>\n<p>&nbsp;<\/p>\n<h3><span style=\"color: #2e4d61;\">Warunki ustanowienia zarz\u0105du sukcesyjnego i chwila jego ustanowienia<\/span><\/h3>\n<p>&nbsp;<\/p>\n<p>Zgodnie z ustaw\u0105, do ustanowienia zarz\u0105du sukcesyjnego wymagane jest:<br \/>\n<strong>1) powo\u0142anie zarz\u0105dcy sukcesyjnego;<\/strong><br \/>\n<strong>2) wyra\u017cenie zgody osoby powo\u0142anej na zarz\u0105dc\u0119 sukcesyjnego na pe\u0142nienie tej funkcji;<\/strong><br \/>\n<strong>3) dokonanie wpisu do CEIDG zarz\u0105dcy sukcesyjnego<\/strong>.<\/p>\n<p>&nbsp;<\/p>\n<p>Nie mo\u017cna jednak ustanowi\u0107 zarz\u0105du sukcesyjnego, je\u017celi zosta\u0142a og\u0142oszona upad\u0142o\u015b\u0107 przedsi\u0119biorcy.<\/p>\n<p>&nbsp;<\/p>\n<p>&nbsp;<\/p>\n<p>Przedsi\u0119biorca mo\u017ce powo\u0142a\u0107 zarz\u0105dc\u0119 sukcesyjnego w ten spos\u00f3b, \u017ce:<br \/>\n<strong>1) wska\u017ce okre\u015blon\u0105 osob\u0119 do pe\u0142nienia funkcji zarz\u0105dcy sukcesyjnego albo<\/strong><br \/>\n<strong>2) zastrze\u017ce, \u017ce z chwil\u0105 jego \u015bmierci wskazany prokurent stanie si\u0119 zarz\u0105dc\u0105 sukcesyjnym<\/strong>.<\/p>\n<p>&nbsp;<\/p>\n<p>&nbsp;<\/p>\n<p>Je\u015bli przedsi\u0119biorca nie dokona\u0142 tego za \u017cycia, <strong>po \u015bmierci przedsi\u0119biorcy<\/strong> zarz\u0105dca sukcesyjny mo\u017ce by\u0107 powo\u0142any przez:<br \/>\n1) ma\u0142\u017conka przedsi\u0119biorcy, kt\u00f3remu przys\u0142uguje udzia\u0142 w przedsi\u0119biorstwie w spadku, lub<br \/>\n2) spadkobierc\u0119 ustawowego przedsi\u0119biorcy, kt\u00f3ry przyj\u0105\u0142 spadek, albo<br \/>\n3) spadkobierc\u0119 testamentowego przedsi\u0119biorcy, kt\u00f3ry przyj\u0105\u0142 spadek, albo zapisobierca windykacyjny, kt\u00f3ry przyj\u0105\u0142 zapis windykacyjny, je\u017celi zgodnie z og\u0142oszonym testamentem przys\u0142uguje mu udzia\u0142 w przedsi\u0119biorstwie w spadku.<\/p>\n<p>&nbsp;<\/p>\n<p>&nbsp;<\/p>\n<p>Zarz\u0105d sukcesyjny zostanie ustanowiony <strong>albo z chwil\u0105 \u015bmierci przedsi\u0119biorcy<\/strong>, w przypadku gdy przedsi\u0119biorca z\u0142o\u017cy\u0142 wniosek o wpis do CEIDG zarz\u0105dcy sukcesyjnego za swojego \u017cycia <strong>albo z chwil\u0105 dokonania wpisu do CEIDG<\/strong> zarz\u0105dcy sukcesyjnego powo\u0142anego ju\u017c po \u015bmierci przedsi\u0119biorcy.<\/p>\n<p>&nbsp;<\/p>\n<p>&nbsp;<\/p>\n<h3><span style=\"color: #2e4d61;\">Kto mo\u017ce zosta\u0107 zarz\u0105dc\u0105 sukcesyjnym?<\/span><\/h3>\n<p>&nbsp;<\/p>\n<p>Na zarz\u0105dc\u0119 sukcesyjnego mo\u017ce by\u0107 powo\u0142ana osoba fizyczna, kt\u00f3ra ma <strong>pe\u0142n\u0105 zdolno\u015b\u0107 do czynno\u015bci prawnych<\/strong>. Nie mo\u017ce by\u0107 to jednak osoba, wobec kt\u00f3rej prawomocnie orzeczono:<br \/>\n1) zakaz prowadzenia dzia\u0142alno\u015bci gospodarczej, o kt\u00f3rym mowa w ustawie &#8211; Prawo upad\u0142o\u015bciowe, lub<br \/>\n2) \u015brodek karny albo \u015brodek zabezpieczaj\u0105cy w postaci zakazu prowadzenia okre\u015blonej dzia\u0142alno\u015bci gospodarczej, obejmuj\u0105cego dzia\u0142alno\u015b\u0107 gospodarcz\u0105 wykonywan\u0105 przez przedsi\u0119biorc\u0119 lub dzia\u0142alno\u015b\u0107 gospodarcz\u0105 w zakresie zarz\u0105du maj\u0105tkiem.<\/p>\n<p>&nbsp;<\/p>\n<p>&nbsp;<\/p>\n<h3><span style=\"color: #2e4d61;\">Jakie b\u0119d\u0105 uprawnienia zarz\u0105dcy sukcesyjnego?<\/span><\/h3>\n<p>&nbsp;<\/p>\n<p>W sprawach wynikaj\u0105cych z prowadzenia przedsi\u0119biorstwa w spadku zarz\u0105dca sukcesyjny b\u0119dzie m\u00f3g\u0142 pos\u0142ugiwa\u0107 si\u0119 <strong>dotychczasow\u0105 firm\u0105 przedsi\u0119biorcy z dodaniem oznaczenia &#8222;w spadku&#8221;<\/strong>. Co istotne, w okresie trwania zarz\u0105du sukcesyjnego, <strong>przedsi\u0119biorstwo b\u0119dzie mog\u0142o korzysta\u0107 z NIP zmar\u0142ego przedsi\u0119biorcy<\/strong>.<\/p>\n<p>&nbsp;<\/p>\n<p>&nbsp;<\/p>\n<p>Zarz\u0105d sukcesyjny obejmuje zobowi\u0105zanie zarz\u0105dcy do prowadzenia przedsi\u0119biorstwa w spadku oraz umocowanie do czynno\u015bci s\u0105dowych i pozas\u0105dowych zwi\u0105zanych z prowadzeniem przedsi\u0119biorstwa w spadku.<\/p>\n<p>&nbsp;<\/p>\n<p>&nbsp;<\/p>\n<p>Zarz\u0105dca sukcesyjny b\u0119dzie dzia\u0142a\u0142<strong> w imieniu w\u0142asnym, ale na rachunek w\u0142a\u015bciciela przedsi\u0119biorstwa w spadku<\/strong>. Zarz\u0105dca ten b\u0119dzie m\u00f3g\u0142 pozywa\u0107 i by\u0107 pozywany w sprawach wynikaj\u0105cych z wykonywanej przez przedsi\u0119biorc\u0119 dzia\u0142alno\u015bci gospodarczej lub prowadzenia przedsi\u0119biorstwa w spadku, a tak\u017ce bra\u0107 udzia\u0142 w post\u0119powaniach administracyjnych, podatkowych i s\u0105dowoadministracyjnych w tych sprawach.<\/p>\n<p>&nbsp;<\/p>\n<p>&nbsp;<\/p>\n<p>Od chwili ustanowienia zarz\u0105du sukcesyjnego zarz\u0105dca sukcesyjny b\u0119dzie wykonywa\u0142 <strong>prawa i obowi\u0105zki zmar\u0142ego przedsi\u0119biorcy<\/strong> wynikaj\u0105ce z wykonywanej przez niego dzia\u0142alno\u015bci gospodarczej oraz prawa i obowi\u0105zki wynikaj\u0105ce z prowadzenia przedsi\u0119biorstwa w spadku.<\/p>\n<p>&nbsp;<\/p>\n<p>&nbsp;<\/p>\n<h3><span style=\"color: #2e4d61;\">Jak d\u0142ugo trwa zarz\u0105d sukcesyjny?<\/span><\/h3>\n<p>&nbsp;<\/p>\n<p>Przede wszystkim, zarz\u0105d sukcesyjny wygasa z:<br \/>\n1) <strong>up\u0142ywem dw\u00f3ch miesi\u0119cy od dnia \u015bmierci przedsi\u0119biorcy<\/strong>, je\u017celi w tym okresie \u017caden ze spadkobierc\u00f3w przedsi\u0119biorcy nie przyj\u0105\u0142 spadku ani zapisobierca windykacyjny nie przyj\u0105\u0142 zapisu windykacyjnego, kt\u00f3rego przedmiotem jest przedsi\u0119biorstwo albo udzia\u0142 w przedsi\u0119biorstwie, chyba \u017ce zarz\u0105dca sukcesyjny dzia\u0142a na rzecz ma\u0142\u017conka przedsi\u0119biorcy, kt\u00f3remu przys\u0142uguje udzia\u0142 w przedsi\u0119biorstwie w spadku;<br \/>\n2) <strong>dniem uprawomocnienia si\u0119 postanowienia<\/strong> o stwierdzeniu nabycia spadku, zarejestrowania aktu po\u015bwiadczenia dziedziczenia albo wydania europejskiego po\u015bwiadczenia spadkowego, je\u017celi jeden spadkobierca albo zapisobierca windykacyjny naby\u0142 przedsi\u0119biorstwo w spadku w ca\u0142o\u015bci;<br \/>\n3) <strong>up\u0142ywem dw\u00f3ch lat od dnia \u015bmierci przedsi\u0119biorcy<\/strong>.<\/p>\n<p>&nbsp;<\/p>\n<p>&nbsp;<\/p>\n<p>Z wa\u017cnych przyczyn, S\u0105d mo\u017ce przed dniem wyga\u015bni\u0119cia zarz\u0105du sukcesyjnego <strong>przed\u0142u\u017cy\u0107 okres jego trwania na czas nie d\u0142u\u017cszy ni\u017c pi\u0119\u0107 lat od dnia \u015bmierci przedsi\u0119biorcy<\/strong>.<\/p>\n<p>&nbsp;<\/p>\n<p>&nbsp;<\/p>\n<p><em>Stan prawny aktualny na dzie\u0144 14.10.2018 r.<\/em><\/p>\n<p>&nbsp;<\/p>\n<p><em>Je\u015bli maj\u0105 Pa\u0144stwo pytania b\u0105d\u017a w\u0105tpliwo\u015bci w opisanym temacie,\u00a0 zapraszamy do <a href=\"https:\/\/ww-kancelaria.pl\/kontakt.php\">kontaktu<\/a>.<\/em><\/p>\n<p>&nbsp;<\/p>\n<p>radca prawny Wroclaw &#8211; prawnik sprawy gospodarcze Wroc\u0142aw &#8211; adwokat Wroc\u0142aw<\/p>\n","protected":false},"excerpt":{"rendered":"<p>W dniu 25 lipca 2018 r., Prezydent Andrzej Duda podpisa\u0142 ustaw\u0119 z dnia 5 lipca 2018 r. o zarz\u0105dzie sukcesyjnym przedsi\u0119biorstwem osoby fizycznej. Ustawa ta reguluje zasady tymczasowego zarz\u0105dzania przedsi\u0119biorstwem po \u015bmierci przedsi\u0119biorcy, kt\u00f3ry we w\u0142asnym imieniu wykonywa\u0142 dzia\u0142alno\u015b\u0107 gospodarcz\u0105 [&hellip;]<\/p>\n","protected":false},"author":2,"featured_media":24,"comment_status":"open","ping_status":"open","sticky":false,"template":"","format":"standard","meta":{"footnotes":""},"categories":[1],"tags":[42,43],"class_list":["post-146","post","type-post","status-publish","format-standard","has-post-thumbnail","hentry","category-bez-kategorii","tag-smierc-przedsiebiorcy","tag-zarzad-sukcesyjny"],"_links":{"self":[{"href":"https:\/\/ww-kancelaria.pl\/blog\/wp-json\/wp\/v2\/posts\/146","targetHints":{"allow":["GET"]}}],"collection":[{"href":"https:\/\/ww-kancelaria.pl\/blog\/wp-json\/wp\/v2\/posts"}],"about":[{"href":"https:\/\/ww-kancelaria.pl\/blog\/wp-json\/wp\/v2\/types\/post"}],"author":[{"embeddable":true,"href":"https:\/\/ww-kancelaria.pl\/blog\/wp-json\/wp\/v2\/users\/2"}],"replies":[{"embeddable":true,"href":"https:\/\/ww-kancelaria.pl\/blog\/wp-json\/wp\/v2\/comments?post=146"}],"version-history":[{"count":2,"href":"https:\/\/ww-kancelaria.pl\/blog\/wp-json\/wp\/v2\/posts\/146\/revisions"}],"predecessor-version":[{"id":741,"href":"https:\/\/ww-kancelaria.pl\/blog\/wp-json\/wp\/v2\/posts\/146\/revisions\/741"}],"wp:featuredmedia":[{"embeddable":true,"href":"https:\/\/ww-kancelaria.pl\/blog\/wp-json\/"}],"wp:attachment":[{"href":"https:\/\/ww-kancelaria.pl\/blog\/wp-json\/wp\/v2\/media?parent=146"}],"wp:term":[{"taxonomy":"category","embeddable":true,"href":"https:\/\/ww-kancelaria.pl\/blog\/wp-json\/wp\/v2\/categories?post=146"},{"taxonomy":"post_tag","embeddable":true,"href":"https:\/\/ww-kancelaria.pl\/blog\/wp-json\/wp\/v2\/tags?post=146"}],"curies":[{"name":"wp","href":"https:\/\/api.w.org\/{rel}","templated":true}]}}