{"id":124,"date":"2018-08-03T21:05:16","date_gmt":"2018-08-03T19:05:16","guid":{"rendered":"http:\/\/krpwojcik.pl\/?p=124"},"modified":"2025-07-07T22:09:59","modified_gmt":"2025-07-07T20:09:59","slug":"skazany-kierowca-moze-dochodzic-zwrotu-kwot-zaplaconych-na-rzecz-pokrzywdzonego","status":"publish","type":"post","link":"https:\/\/ww-kancelaria.pl\/blog\/skazany-kierowca-moze-dochodzic-zwrotu-kwot-zaplaconych-na-rzecz-pokrzywdzonego\/","title":{"rendered":"Skazany kierowca mo\u017ce dochodzi\u0107 zwrotu kwot zap\u0142aconych na rzecz pokrzywdzonego"},"content":{"rendered":"<p><strong>Osoba, kt\u00f3ra zosta\u0142a prawomocnie skazana za spowodowanie wypadku komunikacyjnego i by\u0142a zobowi\u0105zana wyrokiem do zap\u0142aty na rzecz pokrzywdzonego zado\u015b\u0107uczynienia, <\/strong><strong>nawi\u0105zki<\/strong><strong> b\u0105d\u017a <\/strong><strong>naprawienia szkody <\/strong><strong>mo\u017ce wyst\u0105pi\u0107 do Zak\u0142adu Ubezpiecze\u0144, z kt\u00f3rym w dacie wypadku by\u0142a zawarta polisa od odpowiedzialno\u015bci cywilnej (OC), z wnioskiem o zwrot zap\u0142aconej z tego tytu\u0142u kwoty.<\/strong><\/p>\n<p>&nbsp;<\/p>\n<p>&nbsp;<\/p>\n<p>Stanowisko to by\u0142o przedmiotem analizy dokonywanej zar\u00f3wno przez doktryn\u0119, jak i orzecznictwo.<\/p>\n<p>&nbsp;<\/p>\n<p>&nbsp;<\/p>\n<p>Pocz\u0105tkowo S\u0105d Najwy\u017cszy wypowiedzia\u0142 si\u0119 w tej kwestii negatywnie, wskazuj\u0105c w uchwale z dnia 21 grudnia 2006 r., sygn. akt: III CZP 129\/06, \u017ce \u201e<em>sprawca wypadku komunikacyjnego, od kt\u00f3rego zas\u0105dzono nawi\u0105zk\u0119 na podstawie art. 46 \u00a7 2 k.k. i art. 48 k.k. nie mo\u017ce domaga\u0107 si\u0119 od ubezpieczyciela- na podstawie umowy ubezpieczenia odpowiedzialno\u015bci cywilnej posiadaczy pojazd\u00f3w mechanicznych za szkody powsta\u0142e w zwi\u0105zku z ruchem tych pojazd\u00f3w- zwrotu nawi\u0105zki zap\u0142aconej pokrzywdzonemu<\/em>\u201d.<\/p>\n<p>&nbsp;<\/p>\n<p>&nbsp;<\/p>\n<p>Natomiast aktualna linia orzecznicza, kt\u00f3r\u0105 zapocz\u0105tkowa\u0142a uchwa\u0142a S\u0105du Najwy\u017cszego z dnia 13 lipca 2011 r., sygn. akt: III CZP 31\/11, jest <strong>korzystna dla skazanych kierowc\u00f3w<\/strong>. Zgodnie z przytoczon\u0105 uchwa\u0142\u0105, S\u0105d Najwy\u017cszy stan\u0105\u0142 na stanowisku, \u017ce \u201e<em>sprawca wypadku komunikacyjnego, wobec kt\u00f3rego zastosowano \u015brodek karny polegaj\u0105cy na obowi\u0105zku naprawienia szkody, mo\u017ce domaga\u0107 si\u0119 od ubezpieczyciela zwrotu \u015bwiadczenia zap\u0142aconego na rzecz pokrzywdzonego<\/em>\u201d. Pogl\u0105d ten utrwali\u0142 si\u0119 w orzecznictwie s\u0105d\u00f3w powszechnych i daje mo\u017cliwo\u015b\u0107 ubiegania si\u0119 o zwrot zap\u0142aconej na rzecz pokrzywdzonego kwoty.<\/p>\n<p>&nbsp;<\/p>\n<p>&nbsp;<\/p>\n<p>S\u0105d Najwy\u017cszy stwierdzi\u0142, \u017ce wykonanie przez sprawc\u0119 wypadku komunikacyjnego orzeczonego wobec niego \u015brodka karnego w postaci obowi\u0105zku naprawienia szkody <strong>nie pozbawia go mo\u017cliwo\u015bci wyst\u0105pienia przeciwko ubezpieczycielowi z roszczeniem regresowym<\/strong> na podstawie umowy obowi\u0105zkowego ubezpieczyciela odpowiedzialno\u015bci cywilnej. Nie ma bowiem znaczenia, czy sprawca spe\u0142ni\u0142 \u015bwiadczenie wobec poszkodowanego dobrowolnie, czy zobowi\u0105zany do tego wyrokiem karnym; skoro naprawi\u0142 szkod\u0119, mo\u017ce domaga\u0107 si\u0119 zwrotu spe\u0142nionego \u015bwiadczenia.<\/p>\n<p>&nbsp;<\/p>\n<p>&nbsp;<\/p>\n<p>Dla podkre\u015blenia nale\u017cy wskaza\u0107, \u017ce chodzi tutaj o orzeczone na rzecz pokrzywdzonego \u015bwiadczenia wynikaj\u0105ce z tre\u015bci art. 46 k.k. Do grupy \u015bwiadcze\u0144 tych zaliczamy <strong>nie tylko obowi\u0105zek naprawienia w ca\u0142o\u015bci lub w cz\u0119\u015bci wyrz\u0105dzonej przest\u0119pstwem szkody<\/strong>, ale r\u00f3wnie\u017c orzeczone wyrokiem <strong>zado\u015b\u0107uczynienie i nawi\u0105zk\u0119<\/strong>. R\u00f3wnie\u017c nie ma znaczenia, czy owe \u015bwiadczenia zosta\u0142y orzeczone na rzecz pokrzywdzonego, czy te\u017c na rzecz osoby najbli\u017cszej pokrzywdzonego, kt\u00f3ra w toku post\u0119powania karnego, wobec jego \u015bmierci, wykonywa\u0142a jego uprawnienia.<\/p>\n<p>&nbsp;<\/p>\n<p><em>Stan prawny aktualny na dzie\u0144 3.08.2018 r.<\/em><\/p>\n<p>&nbsp;<\/p>\n<p>Zapraszamy do <a href=\"https:\/\/ww-kancelaria.pl\/kontakt.php\">kontaktu<\/a>.<\/p>\n<p>&nbsp;<\/p>\n<p>adwokat prawo karne Wroc\u0142aw &#8211; adwokat Wroclaw &#8211; sprawy karne adwokat Wroc\u0142aw<\/p>\n","protected":false},"excerpt":{"rendered":"<p>Osoba, kt\u00f3ra zosta\u0142a prawomocnie skazana za spowodowanie wypadku komunikacyjnego i by\u0142a zobowi\u0105zana wyrokiem do zap\u0142aty na rzecz pokrzywdzonego zado\u015b\u0107uczynienia, nawi\u0105zki b\u0105d\u017a naprawienia szkody mo\u017ce wyst\u0105pi\u0107 do Zak\u0142adu Ubezpiecze\u0144, z kt\u00f3rym w dacie wypadku by\u0142a zawarta polisa od odpowiedzialno\u015bci cywilnej (OC), [&hellip;]<\/p>\n","protected":false},"author":2,"featured_media":11,"comment_status":"open","ping_status":"open","sticky":false,"template":"","format":"standard","meta":{"footnotes":""},"categories":[12],"tags":[28,31,32],"class_list":["post-124","post","type-post","status-publish","format-standard","has-post-thumbnail","hentry","category-prawo-cywilne","tag-odszkodowanie","tag-regres","tag-wypadek-komunikacyjny"],"_links":{"self":[{"href":"https:\/\/ww-kancelaria.pl\/blog\/wp-json\/wp\/v2\/posts\/124","targetHints":{"allow":["GET"]}}],"collection":[{"href":"https:\/\/ww-kancelaria.pl\/blog\/wp-json\/wp\/v2\/posts"}],"about":[{"href":"https:\/\/ww-kancelaria.pl\/blog\/wp-json\/wp\/v2\/types\/post"}],"author":[{"embeddable":true,"href":"https:\/\/ww-kancelaria.pl\/blog\/wp-json\/wp\/v2\/users\/2"}],"replies":[{"embeddable":true,"href":"https:\/\/ww-kancelaria.pl\/blog\/wp-json\/wp\/v2\/comments?post=124"}],"version-history":[{"count":2,"href":"https:\/\/ww-kancelaria.pl\/blog\/wp-json\/wp\/v2\/posts\/124\/revisions"}],"predecessor-version":[{"id":736,"href":"https:\/\/ww-kancelaria.pl\/blog\/wp-json\/wp\/v2\/posts\/124\/revisions\/736"}],"wp:featuredmedia":[{"embeddable":true,"href":"https:\/\/ww-kancelaria.pl\/blog\/wp-json\/"}],"wp:attachment":[{"href":"https:\/\/ww-kancelaria.pl\/blog\/wp-json\/wp\/v2\/media?parent=124"}],"wp:term":[{"taxonomy":"category","embeddable":true,"href":"https:\/\/ww-kancelaria.pl\/blog\/wp-json\/wp\/v2\/categories?post=124"},{"taxonomy":"post_tag","embeddable":true,"href":"https:\/\/ww-kancelaria.pl\/blog\/wp-json\/wp\/v2\/tags?post=124"}],"curies":[{"name":"wp","href":"https:\/\/api.w.org\/{rel}","templated":true}]}}